{"id":278,"date":"2025-09-12T15:30:48","date_gmt":"2025-09-12T13:30:48","guid":{"rendered":"https:\/\/bdb.mbmuenchen.de\/1securewp\/?p=278"},"modified":"2025-09-23T15:51:17","modified_gmt":"2025-09-23T13:51:17","slug":"neuer-fortbildungskatalog-und-neue-struktur-des-fortbildungsnachmittags","status":"publish","type":"post","link":"https:\/\/bdb.mbmuenchen.de\/1securewp\/?p=278","title":{"rendered":"Neuer Fortbildungskatalog und neue Struktur des Fortbildungsnachmittags"},"content":{"rendered":"\r\n<p>Der Fokus bei dem Fortbildungsnachmittag liegt im kommenden Schuljahr 2025\/26 verst\u00e4rkt auf dem Bereich Unterricht und Unterrichtsentwicklung. Daher werden die Workshops mehr auf den Praxisbezug und auf die Entwicklung von konkreten Beispielen f\u00fcr den eigenen Unterricht fokussieren. Um diesen Schwerpunkt mehr Rechnung zu tragen, wird es bei den Fortbildungsnachmittagen nur noch\u00a0<strong><u>eine<\/u><\/strong>\u00a0Workshopschiene geben, bei der die gew\u00e4hlten Themen jedoch mit individueller Pause\u00a0<strong><u>ca. 120 Minuten<\/u><\/strong>\u00a0bearbeitet werden.\u00a0<\/p>\r\n\r\n\r\n\r\n<p>Als thematische Grundlage f\u00fcr die Strukturierung und einen m\u00f6glichen Schwerpunkt f\u00fcr Fortbildungsnachmittage dient das K + 5 \u2013 Modell mit den Themen:<\/p>\r\n\r\n\r\n\r\n<ul class=\"wp-block-list\">\r\n<li>K = Effektive Klassenf\u00fchrung<\/li>\r\n\r\n\r\n\r\n<li>V = Veranschaulichung<\/li>\r\n\r\n\r\n\r\n<li>L = Lebensweltbezug<\/li>\r\n\r\n\r\n\r\n<li>M = Methodenvielfalt<\/li>\r\n\r\n\r\n\r\n<li>SOL = Individualisiertes Lernen \/ selbstorgansiertes Lernen<\/li>\r\n\r\n\r\n\r\n<li>KA = Kompetenzorientierte Aufgaben und Intelligentes \u00dcben<\/li>\r\n<\/ul>\r\n\r\n\r\n<div class=\"wp-block-image\">\r\n<figure class=\"aligncenter size-large is-resized\"><img loading=\"lazy\" decoding=\"async\" width=\"1024\" height=\"643\" class=\"wp-image-281\" style=\"width: 597px; height: auto;\" src=\"https:\/\/bdb.mbmuenchen.de\/1securewp\/wp-content\/uploads\/2025\/09\/K5-Modell-1024x643.jpg\" alt=\"\" srcset=\"https:\/\/bdb.mbmuenchen.de\/1securewp\/wp-content\/uploads\/2025\/09\/K5-Modell-1024x643.jpg 1024w, https:\/\/bdb.mbmuenchen.de\/1securewp\/wp-content\/uploads\/2025\/09\/K5-Modell-300x189.jpg 300w, https:\/\/bdb.mbmuenchen.de\/1securewp\/wp-content\/uploads\/2025\/09\/K5-Modell-768x483.jpg 768w, https:\/\/bdb.mbmuenchen.de\/1securewp\/wp-content\/uploads\/2025\/09\/K5-Modell-200x125.jpg 200w, https:\/\/bdb.mbmuenchen.de\/1securewp\/wp-content\/uploads\/2025\/09\/K5-Modell-440x275.jpg 440w, https:\/\/bdb.mbmuenchen.de\/1securewp\/wp-content\/uploads\/2025\/09\/K5-Modell.jpg 1270w\" sizes=\"auto, (max-width: 1024px) 100vw, 1024px\" \/>\r\n<figcaption class=\"wp-element-caption\">K + 5 Modell f\u00fcr guten (digitalen) Unterricht<\/figcaption>\r\n<\/figure>\r\n<\/div>\r\n\r\n\r\n<p>Aufgrund der Relevanz in der Schule und f\u00fcr den Unterricht werden zus\u00e4tzlich noch Fortbildungen in der Kategorie \u201eK\u00fcnstliche Intelligenz (KI)\u201c angeboten.<\/p>\r\n\r\n\r\n\r\n<p>Genauere Informationen und den Katalog finden Sie unter dem Reiter &#8222;Fortbildungsangebote&#8220; unter &#8222;Angebote des Experten- und Referentennetzwerk digitale Bildung&#8220; oder unter dem folgenden Link:<\/p>\r\n\r\n\r\n\r\n<p><a href=\"https:\/\/bdb.mbmuenchen.de\/1securewp\/?page_id=15\">Angebote des Experten- und Referentennetzwerk digitale Bildung<\/a><\/p>\r\n\r\n\r\n\r\n<p>&nbsp;<\/p>\r\n","protected":false},"excerpt":{"rendered":"<p>Der Fokus bei dem Fortbildungsnachmittag liegt im kommenden Schuljahr 2025\/26 verst\u00e4rkt auf dem Bereich Unterricht und Unterrichtsentwicklung. Daher werden die Workshops mehr auf den Praxisbezug und auf die Entwicklung von konkreten Beispielen f\u00fcr den eigenen<\/p>\n","protected":false},"author":2,"featured_media":0,"comment_status":"closed","ping_status":"open","sticky":false,"template":"","format":"standard","meta":{"footnotes":""},"categories":[1],"tags":[],"class_list":["post-278","post","type-post","status-publish","format-standard","hentry","category-allgemein"],"_links":{"self":[{"href":"https:\/\/bdb.mbmuenchen.de\/1securewp\/index.php?rest_route=\/wp\/v2\/posts\/278","targetHints":{"allow":["GET"]}}],"collection":[{"href":"https:\/\/bdb.mbmuenchen.de\/1securewp\/index.php?rest_route=\/wp\/v2\/posts"}],"about":[{"href":"https:\/\/bdb.mbmuenchen.de\/1securewp\/index.php?rest_route=\/wp\/v2\/types\/post"}],"author":[{"embeddable":true,"href":"https:\/\/bdb.mbmuenchen.de\/1securewp\/index.php?rest_route=\/wp\/v2\/users\/2"}],"replies":[{"embeddable":true,"href":"https:\/\/bdb.mbmuenchen.de\/1securewp\/index.php?rest_route=%2Fwp%2Fv2%2Fcomments&post=278"}],"version-history":[{"count":0,"href":"https:\/\/bdb.mbmuenchen.de\/1securewp\/index.php?rest_route=\/wp\/v2\/posts\/278\/revisions"}],"wp:attachment":[{"href":"https:\/\/bdb.mbmuenchen.de\/1securewp\/index.php?rest_route=%2Fwp%2Fv2%2Fmedia&parent=278"}],"wp:term":[{"taxonomy":"category","embeddable":true,"href":"https:\/\/bdb.mbmuenchen.de\/1securewp\/index.php?rest_route=%2Fwp%2Fv2%2Fcategories&post=278"},{"taxonomy":"post_tag","embeddable":true,"href":"https:\/\/bdb.mbmuenchen.de\/1securewp\/index.php?rest_route=%2Fwp%2Fv2%2Ftags&post=278"}],"curies":[{"name":"wp","href":"https:\/\/api.w.org\/{rel}","templated":true}]}}