{"id":357,"date":"2025-11-18T11:02:06","date_gmt":"2025-11-18T10:02:06","guid":{"rendered":"https:\/\/bdb.mbmuenchen.de\/1securewp\/?p=357"},"modified":"2025-11-18T11:02:06","modified_gmt":"2025-11-18T10:02:06","slug":"mebis-magazin-schwerpunkt-profilschule-fuer-informatik-und-zukunftstechnologie-piz","status":"publish","type":"post","link":"https:\/\/bdb.mbmuenchen.de\/1securewp\/?p=357","title":{"rendered":"mebis &#8211; Magazin: Schwerpunkt Profilschule f\u00fcr Informatik und Zukunftstechnologie (PIZ)"},"content":{"rendered":"<div class=\"wp-block-image\">\n<figure class=\"alignright size-full is-resized\"><img loading=\"lazy\" decoding=\"async\" width=\"927\" height=\"291\" src=\"https:\/\/bdb.mbmuenchen.de\/1securewp\/wp-content\/uploads\/2025\/11\/piz-ex-logo-gosse-flachen.webp\" alt=\"\" class=\"wp-image-358\" style=\"width:468px;height:auto\" srcset=\"https:\/\/bdb.mbmuenchen.de\/1securewp\/wp-content\/uploads\/2025\/11\/piz-ex-logo-gosse-flachen.webp 927w, https:\/\/bdb.mbmuenchen.de\/1securewp\/wp-content\/uploads\/2025\/11\/piz-ex-logo-gosse-flachen-300x94.webp 300w, https:\/\/bdb.mbmuenchen.de\/1securewp\/wp-content\/uploads\/2025\/11\/piz-ex-logo-gosse-flachen-768x241.webp 768w\" sizes=\"auto, (max-width: 927px) 100vw, 927px\" \/><\/figure>\n<\/div>\n\n\n<p>Der aktuelle Schwerpunkt im mebis &#8211; Magazin besch\u00e4ftigt sich mit der Frage, wie man Sch\u00fclerinnen und Sch\u00fcler optimal f\u00fcr die digitale Welt vorbereiten und insbesondere f\u00fcr Informatik und Zukunftstechnologien begeistern kann. Im Zuge der Ma\u00dfnahme PIZ wurden dazu verschiedene Ans\u00e4tze verfolgt, um diese Frage zu beantworten. <\/p>\n\n\n\n<p>Unter dem folgenden Link finden Sie eine F\u00fclle von Informationen dazu und weitere inspirierende Themen. <\/p>\n\n\n\n<p><a href=\"https:\/\/mebis.bycs.de\/kategorien\/medienerziehung\/piz-profilschule-fuer-informatik-und-zukunftstechnologien\">https:\/\/mebis.bycs.de\/kategorien\/medienerziehung\/piz-profilschule-fuer-informatik-und-zukunftstechnologien<\/a><\/p>\n","protected":false},"excerpt":{"rendered":"<p>Der aktuelle Schwerpunkt im mebis &#8211; Magazin besch\u00e4ftigt sich mit der Frage, wie man Sch\u00fclerinnen und Sch\u00fcler optimal f\u00fcr die digitale Welt vorbereiten und insbesondere f\u00fcr Informatik und Zukunftstechnologien begeistern kann. Im Zuge der Ma\u00dfnahme<\/p>\n","protected":false},"author":2,"featured_media":0,"comment_status":"closed","ping_status":"open","sticky":false,"template":"","format":"standard","meta":{"footnotes":""},"categories":[1],"tags":[],"class_list":["post-357","post","type-post","status-publish","format-standard","hentry","category-allgemein"],"_links":{"self":[{"href":"https:\/\/bdb.mbmuenchen.de\/1securewp\/index.php?rest_route=\/wp\/v2\/posts\/357","targetHints":{"allow":["GET"]}}],"collection":[{"href":"https:\/\/bdb.mbmuenchen.de\/1securewp\/index.php?rest_route=\/wp\/v2\/posts"}],"about":[{"href":"https:\/\/bdb.mbmuenchen.de\/1securewp\/index.php?rest_route=\/wp\/v2\/types\/post"}],"author":[{"embeddable":true,"href":"https:\/\/bdb.mbmuenchen.de\/1securewp\/index.php?rest_route=\/wp\/v2\/users\/2"}],"replies":[{"embeddable":true,"href":"https:\/\/bdb.mbmuenchen.de\/1securewp\/index.php?rest_route=%2Fwp%2Fv2%2Fcomments&post=357"}],"version-history":[{"count":1,"href":"https:\/\/bdb.mbmuenchen.de\/1securewp\/index.php?rest_route=\/wp\/v2\/posts\/357\/revisions"}],"predecessor-version":[{"id":359,"href":"https:\/\/bdb.mbmuenchen.de\/1securewp\/index.php?rest_route=\/wp\/v2\/posts\/357\/revisions\/359"}],"wp:attachment":[{"href":"https:\/\/bdb.mbmuenchen.de\/1securewp\/index.php?rest_route=%2Fwp%2Fv2%2Fmedia&parent=357"}],"wp:term":[{"taxonomy":"category","embeddable":true,"href":"https:\/\/bdb.mbmuenchen.de\/1securewp\/index.php?rest_route=%2Fwp%2Fv2%2Fcategories&post=357"},{"taxonomy":"post_tag","embeddable":true,"href":"https:\/\/bdb.mbmuenchen.de\/1securewp\/index.php?rest_route=%2Fwp%2Fv2%2Ftags&post=357"}],"curies":[{"name":"wp","href":"https:\/\/api.w.org\/{rel}","templated":true}]}}